[{"@context":"https:\/\/schema.org\/","@type":"Article","@id":"https:\/\/www.dsbas.cz\/myslete-i-na-sebe-taky-potrebujete-vypnout\/#Article","mainEntityOfPage":"https:\/\/www.dsbas.cz\/myslete-i-na-sebe-taky-potrebujete-vypnout\/","headline":"Myslete i na sebe, taky pot\u0159ebujete vypnout!","name":"Myslete i na sebe, taky pot\u0159ebujete vypnout!","description":"Ka\u017ed\u00e9 r\u00e1no vst\u00e1v\u00e1te s my\u0161lenkou naprost\u00e9ho protestu, \u017ee dnes nebudete nic d\u011blat? A takhle, s touto p\u0159edstavou vst\u00e1v\u00e1te u\u017e n\u011bkolik let, \u017ee je to tak? [&hellip;]","datePublished":"2023-06-06","dateModified":"2023-06-06","author":{"@type":"Person","@id":"https:\/\/www.dsbas.cz\/author\/#Person","name":"","url":"https:\/\/www.dsbas.cz\/author\/","identifier":1,"image":{"@type":"ImageObject","@id":"https:\/\/secure.gravatar.com\/avatar\/4e6a74466e4227c12d5306875d08720cdfce3572213740db6f4a2e5e46e710ff?s=96&d=mm&r=g","url":"https:\/\/secure.gravatar.com\/avatar\/4e6a74466e4227c12d5306875d08720cdfce3572213740db6f4a2e5e46e710ff?s=96&d=mm&r=g","height":96,"width":96}},"publisher":{"@type":"Organization","name":"dsbas.cz","logo":{"@type":"ImageObject","@id":"\/logo.png","url":"\/logo.png","width":600,"height":60}},"image":{"@type":"ImageObject","@id":"https:\/\/www.dsbas.cz\/wp-content\/uploads\/img_a300868_w2018_t1510911869.jpg","url":"https:\/\/www.dsbas.cz\/wp-content\/uploads\/img_a300868_w2018_t1510911869.jpg","height":0,"width":0},"url":"https:\/\/www.dsbas.cz\/myslete-i-na-sebe-taky-potrebujete-vypnout\/","wordCount":522,"articleBody":"Ka\u017ed\u00e9 r\u00e1no vst\u00e1v\u00e1te s my\u0161lenkou naprost\u00e9ho protestu, \u017ee dnes nebudete nic d\u011blat? A takhle, s touto p\u0159edstavou vst\u00e1v\u00e1te u\u017e n\u011bkolik let, \u017ee je to tak? \u0158\u00edk\u00e1m p\u0159edstavou, proto\u017ee ten kolob\u011bh, kter\u00fd nastane ka\u017ed\u00e9 r\u00e1no, kdy\u017e se probud\u00edte, v\u00e1m nedovol\u00ed sed\u011bt na zadku a nehnout prstem. N\u011bkdy m\u00e1te podez\u0159en\u00ed, \u017ee je na v\u00e1s odk\u00e1zan\u00fd cel\u00fd sv\u011bt a je na v\u00e1s z\u00e1visl\u00e1 spousta lid\u00ed, n\u011bkdy se sna\u017e\u00edte hodit do pohody, \u017ee se nic nestane, kdy\u017e jednou zvednete nohy nahoru. Chyba, jako by na potvoru se za\u010dne v\u0161e dokola hroutit. No \u0159ekn\u011bte, nem\u00e1m pravdu?\u00a0Naj\u00edt si n\u011bjakou pauzu, nebo \u010das pro sebe b\u011bhem dne, je n\u011bkdy absolutn\u011b nep\u0159edstaviteln\u00e9. Ve chv\u00edli kdy\u017e si vzpomenete, \u017ee jste se za cel\u00fd den nestihli ani naj\u00edst, vyp\u00edt si k\u00e1vu, nebo j\u00edt dokonce na WC, si automaticky \u0159eknete &#8222;dnes nic nest\u00edh\u00e1m&#8220;. A p\u0159itom, kde to v\u011bz\u00ed, se na chvilku zastavit?\u00a0V hlav\u011b m\u00e1te seznam v\u011bc\u00ed, kter\u00fd sah\u00e1 a\u017e na zem, kter\u00e9 pot\u0159ebujete,\u00a0 kter\u00e9 bych jste cht\u011bli, a kter\u00e9 mus\u00edte ud\u011blat. A cel\u00fd den je na to v\u0161e p\u0159\u00edli\u0161 kr\u00e1tk\u00fd. Samoz\u0159ejm\u011b v\u0161e p\u0159esouv\u00e1te na pozd\u011bji, nebo si jednodu\u0161e \u0159eknete, \u017ee v\u0161e ud\u011bl\u00e1te z\u00edtra. Bohu\u017eel pro v\u00e1s, z\u00edt\u0159ek m\u00e1 stejn\u00fd po\u010det hodin, jako dne\u0161ek.Cht\u011bli by jste \u010das od \u010dasu n\u011bkam vypadnout, vypnout cel\u00e9 t\u011blo i mozek a fakt odpo\u010d\u00edvat?Pochopiteln\u011b. Sm\u011b\u0161n\u00e9 je, \u017ee si to \u0159\u00edk\u00e1 a p\u0159eje ka\u017ed\u00fd, a u\u017e ne tak vtipn\u00e9 je to, \u017ee jen m\u00e1lo z n\u00e1s si to m\u016f\u017ee doopravdy dop\u0159\u00e1t &#8211; fl\u00e1kat se.\u00a0To je tak usp\u011bchan\u00e1 doba, nebo jen lidi maj\u00ed ve skute\u010dnosti v\u00edce pr\u00e1ce? Nebo je za t\u00edm jenom fakt, \u017ee si ka\u017ed\u00e1 z v\u00e1s na sebe d\u00e1v\u00e1 v\u00edc v\u011bc\u00ed, ne\u017e dok\u00e1\u017ee un\u00e9st a zvl\u00e1dnout? Nebo to po v\u00e1s, snad cht\u011bj\u00ed jenom ostatn\u00ed?A\u0165 u\u017e v pr\u00e1ci, doma, ve vztahu, kolem d\u011bt\u00ed, aktivit nebo kon\u00ed\u010dk\u016f, po\u0159\u00e1d se od v\u00e1s n\u011bco o\u010dek\u00e1v\u00e1.Pokuste se zastavit a taky si n\u011bkdy odpo\u010dinout. Zavolejte holk\u00e1m a vyrazte si ven, trochu se odreagovat. Nechte povinnosti za dve\u0159mi a aspo\u0148 jednou si dop\u0159ejte zaslou\u017een\u00fd \u010das, kter\u00fd v\u00e1m tak sch\u00e1z\u00ed. B\u011b\u017ete na kosmetiku, ke kade\u0159nici, na nehty. Odpo\u010di\u0148te si v l\u00e1zn\u00edch, nebo wellness, proto\u017ee sama v\u00edte, \u017ee si to pr\u00e1vem zaslou\u017e\u00edte! Prodlu\u017ete si v\u00edkend n\u011bjak\u00fdm pobytem, kter\u00fd v\u00e1s oprost\u00ed od dan\u00e9ho stereotypu. V\u011bnujte se pro jednou jenom sama sob\u011b, proto\u017ee je d\u016fle\u017eit\u00e9 d\u00e1t se pro zm\u011bnu, taky na prvn\u00ed m\u00edsto.                                                                                                                                                                                                                                                                                                                                                                                        3.8\/5 - (5 votes)        "},{"@context":"https:\/\/schema.org\/","@type":"BreadcrumbList","itemListElement":[{"@type":"ListItem","position":1,"name":"Myslete i na sebe, taky pot\u0159ebujete vypnout!","item":"https:\/\/www.dsbas.cz\/myslete-i-na-sebe-taky-potrebujete-vypnout\/#breadcrumbitem"}]}]