[{"@context":"https:\/\/schema.org\/","@type":"Article","@id":"https:\/\/www.dsbas.cz\/mate-radi-dovolenou\/#Article","mainEntityOfPage":"https:\/\/www.dsbas.cz\/mate-radi-dovolenou\/","headline":"M\u00e1te r\u00e1di dovolenou?","name":"M\u00e1te r\u00e1di dovolenou?","description":"Jsou lidi, kte\u0159\u00ed si nedok\u00e1\u017eou v\u016fbec p\u0159edstavit \u017eivot bez pr\u00e1ce. Ale ti, kdo po\u0159\u00e1d jenom pracuj\u00ed, se nakonec ud\u0159ou, kdy\u017e si aspo\u0148 n\u011bkdy neodpo\u010dinou, a [&hellip;]","datePublished":"2021-09-20","dateModified":"2023-06-06","author":{"@type":"Person","@id":"https:\/\/www.dsbas.cz\/author\/#Person","name":"","url":"https:\/\/www.dsbas.cz\/author\/","identifier":1,"image":{"@type":"ImageObject","@id":"https:\/\/secure.gravatar.com\/avatar\/4e6a74466e4227c12d5306875d08720cdfce3572213740db6f4a2e5e46e710ff?s=96&d=mm&r=g","url":"https:\/\/secure.gravatar.com\/avatar\/4e6a74466e4227c12d5306875d08720cdfce3572213740db6f4a2e5e46e710ff?s=96&d=mm&r=g","height":96,"width":96}},"publisher":{"@type":"Organization","name":"dsbas.cz","logo":{"@type":"ImageObject","@id":"\/logo.png","url":"\/logo.png","width":600,"height":60}},"image":{"@type":"ImageObject","@id":"https:\/\/www.dsbas.cz\/wp-content\/uploads\/mu%C5%A1le%20u%20mo%C5%99e.jpg","url":"https:\/\/www.dsbas.cz\/wp-content\/uploads\/mu%C5%A1le%20u%20mo%C5%99e.jpg","height":0,"width":0},"url":"https:\/\/www.dsbas.cz\/mate-radi-dovolenou\/","about":["Dovolen\u00e1\r"],"wordCount":435,"articleBody":"Jsou lidi, kte\u0159\u00ed si nedok\u00e1\u017eou v\u016fbec p\u0159edstavit \u017eivot bez pr\u00e1ce. Ale ti, kdo po\u0159\u00e1d jenom pracuj\u00ed, se nakonec ud\u0159ou, kdy\u017e si aspo\u0148 n\u011bkdy neodpo\u010dinou, a to nen\u00ed norm\u00e1ln\u00ed. A aby to nebyl osud n\u00e1s v\u0161ech, existuje dovolen\u00e1. To znamen\u00e1 doba, kdy se ze z\u00e1kona m\u016f\u017eeme vyka\u0161lat na pr\u00e1ci a u\u017e\u00edvat si a zam\u011bstnavatel n\u00e1s za to p\u0159esto plat\u00ed.Dovolen\u00e1 m\u00e1 poslou\u017eit k\u00a0tomu, aby se na\u010derpaly nov\u00e9 s\u00edly, aby si lidi odpo\u010dinuli a taky si n\u011bco u\u017eili. A tak je to del\u0161\u00ed volno ne\u017e n\u011bjak\u00fd v\u00edkend nebo voln\u00e9 odpoledne. Dovolen\u00e1 trv\u00e1 obvykle n\u011bkolik t\u00fddn\u016f v\u00a0roce. A aby splnila sv\u016fj \u00fa\u010del, m\u011bli by si lidi vz\u00edt aspo\u0148 jej\u00ed \u010d\u00e1st v\u00a0kuse, nem\u011bli by si ji rozdrobit na jednotliv\u00e9 dny. A kdy\u017e pak n\u011bkdo dovolenou dostane, m\u011bl by d\u011blat to, co ho bav\u00ed, a co se ide\u00e1ln\u011b li\u0161\u00ed od toho, co se d\u011bl\u00e1 ve v\u0161edn\u00ed dni.O dovolen\u00e9 se tak t\u0159eba cestuje, zahr\u00e1dka\u0159\u00ed, lidi se v\u011bnuj\u00ed sv\u00fdm kon\u00ed\u010dk\u016fm, kut\u00ed, u\u017e\u00edvaj\u00ed si s\u00a0rodinou a p\u0159\u00e1teli a tak. D\u011bl\u00e1 se n\u011bco, co lidi m\u016f\u017eou d\u011blat a co jim pom\u00e1h\u00e1 v\u00a0relaxaci. Teda v\u00a0ide\u00e1ln\u00edm p\u0159\u00edpad\u011b.Lo\u0148sk\u00fd rok ale takhle ide\u00e1ln\u00ed nebyl. Lidi sice m\u011bli \u010dasto v\u00edc volna, ne\u017e kolik by m\u011bli o dovolen\u00e9, ale volno to pr\u00e1v\u011b nebylo. Byla to sp\u00ed\u0161 nucen\u00e1 odst\u00e1vka kv\u016fli koronaviru. A tak jsme v\u011bt\u0161inou jen tr\u010deli doma, proto\u017ee jsme nikam nesm\u011bli, slu\u017eeb se nab\u00edzelo m\u00e1lo a v\u0161ude panoval strach, pro kter\u00fd jsme si neulevili na duchu. Sam\u00e9 z\u00e1kazy a omezen\u00ed, sam\u00e9 opat\u0159en\u00ed a v\u0161ude zmatek nad zmatek. A \u010dasto i nedostatek pen\u011bz, hlavn\u011b u t\u011bch, kdo nemohli pracovat a vyd\u011bl\u00e1vat si.Tak\u017ee nejsme \u010dasto dost odpo\u010dinut\u00ed. A snad to letos nebo p\u0159\u00ed\u0161t\u00ed rok naprav\u00edme. Abychom se nezbl\u00e1znili z\u00a0pr\u00e1ce nebo se neusou\u017eili doma bez p\u0159\u00edjm\u016f. A je jedno, co o p\u0159\u00ed\u0161t\u00ed dovolen\u00e9 podnikneme, aby n\u00e1m to ud\u011blalo dob\u0159e. Hlavn\u00ed je m\u00edt dovolenou a a\u017e pak to, co budeme d\u011blat. A nejlep\u0161\u00ed bude asi vypadnout n\u011bkam daleko a rozhodn\u011b vypnout televizi a internet. Aby se zapomn\u011blo na to, co m\u00e1me v\u00a0posledn\u00ed dob\u011b za sebou.                                                                                                                                                                                                                                                                                                                                                                                        4.3\/5 - (9 votes)        "},{"@context":"https:\/\/schema.org\/","@type":"BreadcrumbList","itemListElement":[{"@type":"ListItem","position":1,"name":"M\u00e1te r\u00e1di dovolenou?","item":"https:\/\/www.dsbas.cz\/mate-radi-dovolenou\/#breadcrumbitem"}]}]