[{"@context":"https:\/\/schema.org\/","@type":"Article","@id":"https:\/\/www.dsbas.cz\/carovny-pohled-zeny\/#Article","mainEntityOfPage":"https:\/\/www.dsbas.cz\/carovny-pohled-zeny\/","headline":"\u010carovn\u00fd pohled \u017eeny","name":"\u010carovn\u00fd pohled \u017eeny","description":"Vzpome\u0148te si na situaci, kdy se za\u010dnete bavit s nezn\u00e1m\u00fdm \u010dlov\u011bkem, nej\u010dast\u011bji s n\u011bk\u00fdm, kdo V\u00e1s po\u017e\u00e1d\u00e1 o pomoc nebo se V\u00e1s jen na n\u011bco [&hellip;]","datePublished":"2020-11-05","dateModified":"2023-06-06","author":{"@type":"Person","@id":"https:\/\/www.dsbas.cz\/author\/#Person","name":"","url":"https:\/\/www.dsbas.cz\/author\/","identifier":1,"image":{"@type":"ImageObject","@id":"https:\/\/secure.gravatar.com\/avatar\/4e6a74466e4227c12d5306875d08720cdfce3572213740db6f4a2e5e46e710ff?s=96&d=mm&r=g","url":"https:\/\/secure.gravatar.com\/avatar\/4e6a74466e4227c12d5306875d08720cdfce3572213740db6f4a2e5e46e710ff?s=96&d=mm&r=g","height":96,"width":96}},"publisher":{"@type":"Organization","name":"dsbas.cz","logo":{"@type":"ImageObject","@id":"\/logo.png","url":"\/logo.png","width":600,"height":60}},"image":{"@type":"ImageObject","@id":"https:\/\/www.dsbas.cz\/wp-content\/uploads\/o%C4%8Dn%C3%AD%20kontakt.jpg","url":"https:\/\/www.dsbas.cz\/wp-content\/uploads\/o%C4%8Dn%C3%AD%20kontakt.jpg","height":0,"width":0},"url":"https:\/\/www.dsbas.cz\/carovny-pohled-zeny\/","about":["Produkty"],"wordCount":445,"articleBody":"   Vzpome\u0148te si na situaci, kdy se za\u010dnete bavit s nezn\u00e1m\u00fdm \u010dlov\u011bkem, nej\u010dast\u011bji s n\u011bk\u00fdm, kdo V\u00e1s po\u017e\u00e1d\u00e1 o pomoc nebo se V\u00e1s jen na n\u011bco zept\u00e1. Jedn\u00e1 se o situace, kter\u00e9 netrvaj\u00ed dlouho. Nej\u010dast\u011bji se p\u0159i takov\u00e9m kontaktu lidem d\u00edv\u00e1me do o\u010d\u00ed a \u010dek\u00e1me, co n\u00e1m odpov\u00ed nebo \u0159eknou. P\u0159i tomto kontaktu kouk\u00e1me lidem do o\u010d\u00ed, kdy\u017e se s nimi bav\u00edme. O\u010dima m\u016f\u017eeme vyj\u00e1d\u0159it mnoho emoc\u00ed. Je v nich vid\u011bt smutek, strach i radost a mnoho dal\u0161\u00edho. D\u00e1 se nav\u00e1zat o\u010dn\u00ed kontakt a t\u00edm, ani\u017e bychom cokoliv \u0159ekli, d\u00e1me n\u011bkomu najevo, n\u00e1\u0161 z\u00e1jem o n\u011bj. D\u00e1v\u00e1me t\u00edm najevo, \u017ee jsme si dan\u00e9ho \u010dlov\u011bka v\u0161imli, kdy\u017e se na n\u011bj d\u00e9le d\u00edv\u00e1me a v\u011bnujeme mu, n\u00e1\u0161 pohled. M\u016f\u017eeme i sv\u00e1d\u011bt. \u017deny mohou sv\u016fj pohled je\u0161t\u011b o n\u011bco vylep\u0161it. P\u0159\u00edkladem je t\u0159eba s\u00e9rum na r\u016fst \u0159as. Mnoho d\u00edvek chce m\u00edt u\u017e od dob, kdy se za\u010dnou malovat, kr\u00e1sn\u00e9, hust\u00e9, dlouh\u00e9 \u0159asy. Pokud je nemaj\u00ed od p\u0159\u00edrody takov\u00e9, jak\u00e9 cht\u011bj\u00ed, tak si mohou pomoci nap\u0159\u00edklad t\u00edmto v\u00fdrobkem. Aplikuje se p\u0159\u00edmo na \u0159asy a jeho pravideln\u00e9 u\u017e\u00edv\u00e1n\u00ed m\u00e1 pozitivn\u00ed vliv na r\u016fst. Jestli\u017ee je n\u011bkdo zvykl\u00fd se malovat, tak si pak m\u016f\u017ee zdokonalit sv\u00e9 o\u010di namalov\u00e1n\u00edm. Zv\u00fdrazn\u011bn\u00edm \u0159as a o\u010dn\u00edch v\u00ed\u010dek a\u0165 u\u017e za pomoci \u0159asenky, st\u00edn\u016f nebo linek p\u016fsob\u00ed p\u011bkn\u011b na ka\u017ed\u00e9 \u017een\u011b. Pokud si d\u00edvka zv\u00fdrazn\u00ed sv\u016fj pohled l\u00ed\u010den\u00edm, tak si dopom\u016f\u017ee k lep\u0161\u00edmu vzhledu. Pokud v\u0161ak z\u016fstane pouze u s\u00e9ra, kter\u00e9 ji pom\u016f\u017ee k dokonalosti, tak to jist\u011b tak\u00e9 sta\u010d\u00ed. Na d\u00edvk\u00e1ch si mu\u017ei v\u0161\u00edmaj\u00ed nejen jejich t\u011bla, ale tak\u00e9 jejich vlas\u016f, neht\u016f a o\u010d\u00ed. Je to jejich vizitka, jak se o sebe staraj\u00ed.   K \u00faprav\u011b \u0159as m\u016f\u017eeme p\u0159idat tak\u00e9 obo\u010d\u00ed. To se d\u00e1 upravit do ur\u010dit\u00e9ho tvaru. M\u016f\u017eeme si zm\u011bnit barvu podle toho, jakou barvu m\u00e1me vlas\u016f nebo pouze podle toho, jak\u00e1 barva obo\u010d\u00ed se n\u00e1m l\u00edb\u00ed. Do po\u017eadovan\u00e9ho tvaru jej upravujeme za pomoc\u00ed pinzety, kter\u00e1 je k tomu p\u0159\u00edmo ur\u010den\u00e1. Tak\u00e9 m\u016f\u017eeme vyu\u017e\u00edt \u0161ablon, kter\u00e9 n\u00e1m pomohou spr\u00e1vn\u011b vytvarovat po\u017eadovan\u00fd tvar.                                                                                                                                                                                                                                                                                                                                                                                         5\/5 - (4 votes)        "},{"@context":"https:\/\/schema.org\/","@type":"BreadcrumbList","itemListElement":[{"@type":"ListItem","position":1,"name":"\u010carovn\u00fd pohled \u017eeny","item":"https:\/\/www.dsbas.cz\/carovny-pohled-zeny\/#breadcrumbitem"}]}]